{"id":2163,"date":"2018-10-02T07:49:16","date_gmt":"2018-10-02T07:49:16","guid":{"rendered":"https:\/\/www.thormontagen.de\/2018\/10\/02\/w-akcji-thor-wylosowac-mozna-auto-w-wersji-mini\/"},"modified":"2018-10-02T07:49:16","modified_gmt":"2018-10-02T07:49:16","slug":"w-akcji-thor-wylosowac-mozna-auto-w-wersji-mini","status":"publish","type":"post","link":"https:\/\/www.thormontagen.de\/pl\/blog\/w-akcji-thor-wylosowac-mozna-auto-w-wersji-mini\/","title":{"rendered":"Akcja THOR: do wygrania mini auto!"},"content":{"rendered":"<div class=\"wpb-content-wrapper\"><p>[vc_row][vc_column width=&#8221;1\/1&#8243;][vc_column_text]<\/p>\n<p style=\"text-align: justify;\">\u201e\u017babka\u201c, \u201eB\u0105czek\u201c, \u201eHans\u201c, \u201eRomeo&#8221;. Lista imion, kt\u00f3re nadaje si\u0119 przyjacio\u0142om na czterech k\u00f3\u0142kach jest d\u0142uga. Czy Pa\u0144stwo te\u017c nazywaj\u0105 swoje auta? Nawet je\u015bli nie, dzisiaj warto to zrobi\u0107. Dlaczego? Bo w\u0142a\u015bnie dzisiaj na ca\u0142ym \u015bwiecie kierowcy celebruj\u0105 swoje pojazdy, nadaj\u0105c im imiona. R\u00f3wnie\u017c my \u015bwi\u0119tujemy dzisiaj pod has\u0142em \u201eNadaj swojemu autu imi\u0119\u201c. THOR uczestniczy w zabawie i potrzebuje Pa\u0144stwa wsparcia!<\/p>\n<p>[\/vc_column_text]<div class=\"divider divider6\" style='margin:60px 0 60px 0 !important;'><\/div>[vc_column_text]<\/p>\n<p style=\"text-align: justify;\">Akcja pt. \u201eNadaj swojemu autu imi\u0119\u201d. Wyzwanie przyj\u0119te! Imiona dla 700 samochod\u00f3w THOR<span class=\"sup\">\u00ae<\/span>? To o wiele za du\u017co. Mamy jednak kompromis! Braciszek naszego auta firmowego, Volkswagen w wersji mini, zostanie ochrzczony. Wybraniec musi mie\u0107 jakie\u015b imi\u0119. A mo\u017ce wcale nie wybraniec, ale wybranka? O tym ju\u017c zdecyduj\u0105 Pa\u0144stwo (a na ostatnim etapie, losowanie)! Na naszym Facebooku THOR szukamy obecnie zabawnych imion dla mini autka firmowego.<\/p>\n<p>[\/vc_column_text]<h2 class=\"headline font-inherit fontsize-inherit fontweight-inherit lh-inherit align-left transform-inherit \" style=\"margin: 0 0 20px 0;\">Aby wygra\u0107 gustowne autko THOR, trzeba wymy\u015bli\u0107 dla niego imi\u0119<\/h2>[vc_column_text]<\/p>\n<p style=\"text-align: justify;\">Do 8 pa\u017adziernika 2018, godz. 8:00 na naszym <a href=\"https:\/\/www.facebook.com\/ThorIndustriemontagen\/\" target=\"_blank\" rel=\"noopener\">Facebooku<\/a> zbieramy imiona dla mini autka firmowego THOR<span class=\"sup\">\u00ae.<\/span> R\u00f3wnie\u017c Pa\u0144stwo maj\u0105 czas, aby doda\u0107 imi\u0119. Wa\u017cne, \u017ceby sw\u00f3j pomys\u0142 doda\u0107 w komentarzu pod zdj\u0119ciem mini autka. Tylko te propozycje bior\u0105 udzia\u0142 w konkursie. Trzeba wi\u0119c najpierw odszuka\u0107 na naszym facebooku zdj\u0119cie, a nast\u0119pnie napisa\u0107 pod nim komentarz. Na koniec ujawnimy nie tylko zwyci\u0119skie imi\u0119, ale te\u017c nowego w\u0142a\u015bciciela mini autka. Aby by\u0142o sprawiedliwie, zwyci\u0119skie imi\u0119 wy\u0142oni losowanie. Kto wygra\u0142 i b\u0119dzie m\u00f3g\u0142 sprawi\u0107 rado\u015b\u0107 swoim dzieciom lub wnukom, og\u0142osimy 8 pa\u017adziernka 2018 o godzinie 12.00. Imformacja pojawi si\u0119 r\u00f3wnie\u017c na <a href=\"https:\/\/www.facebook.com\/ThorIndustriemontagen\/\" target=\"_blank\" rel=\"noopener\">naszym profilu na Facebooku<\/a>.<\/p>\n<p style=\"text-align: justify;\">(Wskaz\u00f3wka: obra\u017aliwe oraz wulgarne komentarze zostan\u0105 usuni\u0119te, a ich autorzy wyeliminowani z konkursu)<\/p>\n<p>[\/vc_column_text][minti_alert type=&#8221;info&#8221; close=&#8221;false&#8221;]Cieszymy si\u0119 z Pa\u0144stwa udzia\u0142u w zabawie i trzymamy kciuki![\/minti_alert]<div class=\"divider divider1\" style='margin:60px 0 60px 0 !important;'><\/div>[vc_column_text]<\/p>\n<p style=\"text-align: justify;\">THOR<span class=\"sup\">\u00ae<\/span> jest przedsi\u0119biorstwem w bran\u017cy monta\u017cu przemys\u0142owego. <a href=\"https:\/\/www.thormontagen.de\/pl\/o-firmie-thor\/\">Od 1998 roku<\/a> specjalizuje si\u0119 w<a href=\"https:\/\/www.thormontagen.de\/pl\/specjalisci\/\"> instalacjach technicznych do dom\u00f3w i budynk\u00f3w u\u017cytkowych.<\/a> <a href=\"https:\/\/www.thormontagen.de\/2018\/06\/22\/20-jahre-thor-wussten-sie-eigentlich-dass\/\">Prezes firmy, Kersten Thor, za\u0142o\u017cy\u0142 swoj\u0105 firm\u0119 w pojedynk\u0119<\/a>. Obecnie w THOR<span class=\"sup\">\u00ae<\/span> pracuje ponad 1100 os\u00f3b. <a href=\"https:\/\/www.thormontagen.de\/pl\/praca\/\">Wi\u0119ksza cz\u0119\u015b\u0107 THORian pracuje jako monterzy, <\/a><a href=\"https:\/\/www.thormontagen.de\/pl\/specjalisci\/\">na projektach budowlanych u klient\u00f3w w ca\u0142ych Niemczech.<\/a> Pracownicy biurowi pracuj\u0105 w <a href=\"https:\/\/www.thormontagen.de\/pl\/o-firmie-thor\/oddzialy\/\">pi\u0119ciu siedzibach<\/a>: <a href=\"https:\/\/www.thormontagen.de\/pl\/o-firmie-thor\/osoba-kontaktowa\/\">Erfurcie, Leinefelde, Menterodzie, Heilbad Heiligenstadt oraz Wroc\u0142awiu. Tworz\u0105 dzia\u0142y: Personalny, Dyspozycji, Ksi\u0119gowo\u015bci, Sprzeda\u017cy, Floty samochodowej, Zakwaterowania, Marketingu, Kontroli Jako\u015bci. Ponadto, Magazyn oraz Warsztat.<\/a> Chia\u0142by\/aby Pan\/i zosta\u0107 THORianiniem\/k\u0105? Zach\u0119camy do przegl\u0105dania <a href=\"https:\/\/www.thormontagen.de\/pl\/praca\/\">naszej strony po\u015bwi\u0119conej karierze w firmie THOR<\/a><span class=\"sup\">\u00ae.<\/span> Ucieszymy si\u0119 z Pana\/i podania!<\/p>\n<p>[\/vc_column_text][\/vc_column][\/vc_row]<\/p>\n<\/div>","protected":false},"excerpt":{"rendered":"<p>[vc_row][vc_column width=&#8221;1\/1&#8243;][vc_column_text] \u201e\u017babka\u201c, \u201eB\u0105czek\u201c, \u201eHans\u201c, \u201eRomeo&#8221;. Lista imion, kt\u00f3re nadaje si\u0119 przyjacio\u0142om na czterech k\u00f3\u0142kach jest d\u0142uga. Czy Pa\u0144stwo te\u017c nazywaj\u0105 swoje auta? Nawet \u2026<\/p>\n","protected":false},"author":8,"featured_media":1082,"comment_status":"closed","ping_status":"closed","sticky":false,"template":"","format":"standard","meta":{"_acf_changed":false,"inline_featured_image":false,"footnotes":""},"categories":[9],"tags":[76,74,77],"class_list":["post-2163","post","type-post","status-publish","format-standard","hentry","category-bez-kategorii","tag-siedziba-erfurt","tag-siedziba-leinefelde","tag-wyposazenie"],"acf":[],"_links":{"self":[{"href":"https:\/\/www.thormontagen.de\/pl\/wp-json\/wp\/v2\/posts\/2163","targetHints":{"allow":["GET"]}}],"collection":[{"href":"https:\/\/www.thormontagen.de\/pl\/wp-json\/wp\/v2\/posts"}],"about":[{"href":"https:\/\/www.thormontagen.de\/pl\/wp-json\/wp\/v2\/types\/post"}],"author":[{"embeddable":true,"href":"https:\/\/www.thormontagen.de\/pl\/wp-json\/wp\/v2\/users\/8"}],"replies":[{"embeddable":true,"href":"https:\/\/www.thormontagen.de\/pl\/wp-json\/wp\/v2\/comments?post=2163"}],"version-history":[{"count":0,"href":"https:\/\/www.thormontagen.de\/pl\/wp-json\/wp\/v2\/posts\/2163\/revisions"}],"wp:featuredmedia":[{"embeddable":true,"href":"https:\/\/www.thormontagen.de\/pl\/wp-json\/wp\/v2\/media\/1082"}],"wp:attachment":[{"href":"https:\/\/www.thormontagen.de\/pl\/wp-json\/wp\/v2\/media?parent=2163"}],"wp:term":[{"taxonomy":"category","embeddable":true,"href":"https:\/\/www.thormontagen.de\/pl\/wp-json\/wp\/v2\/categories?post=2163"},{"taxonomy":"post_tag","embeddable":true,"href":"https:\/\/www.thormontagen.de\/pl\/wp-json\/wp\/v2\/tags?post=2163"}],"curies":[{"name":"wp","href":"https:\/\/api.w.org\/{rel}","templated":true}]}}