{"id":2175,"date":"2018-01-15T14:45:17","date_gmt":"2018-01-15T14:45:17","guid":{"rendered":"https:\/\/www.thormontagen.de\/2018\/01\/15\/znamy-juz-zwyciezce-konkursu-fotograficznego-thor\/"},"modified":"2018-01-15T14:45:17","modified_gmt":"2018-01-15T14:45:17","slug":"znamy-juz-zwyciezce-konkursu-fotograficznego-thor","status":"publish","type":"post","link":"https:\/\/www.thormontagen.de\/pl\/blog\/znamy-juz-zwyciezce-konkursu-fotograficznego-thor\/","title":{"rendered":"Wiemy ju\u017c kto wygra\u0142 THOR-Fotochallenge"},"content":{"rendered":"<div class=\"wpb-content-wrapper\"><p>[vc_row][vc_column width=&#8221;1\/1&#8243;][vc_column_text]<\/p>\n<p style=\"text-align: justify;\">Mi\u0119dzy \u015awi\u0119tami 2017 zaprosili\u015bmy naszych THORian do konkursu na najlepsz\u0105 fotk\u0119. Za zadanie mieli doda\u0107 na naszym Facebooku selfie z prezentem na \u015awi\u0119ta od THOR<span class=\"sup\">\u00ae<\/span>. Pomys\u0142y naszych monter\u00f3w oraz kto wygra\u0142, zobacz\u0105 Pa\u0144stwo tutaj.<\/p>\n<p>[\/vc_column_text]<div class=\"divider divider6\" style='margin:60px 0 60px 0 !important;'><\/div><h2 class=\"headline font-inherit fontsize-inherit fontweight-inherit lh-inherit align-left transform-inherit \" style=\"margin: 0 0 20px 0;\">Nasi monterzy s\u0105 ju\u017c gotowi na przyj\u015bcie zimy ze \u015bwi\u0105tecznymi prezentami od THOR<\/h2>[vc_column_text]<\/p>\n<p style=\"text-align: justify;\">Co kupi\u0107 swoim bliskim pod choink\u0119? Na pewno co\u015b, z czego ta osoba si\u0119 ucieszy. A zarazem co\u015b, co \u201esi\u0119 przyda\u201d. To nie \u0142atwy temat. My te\u017c d\u0142ugo my\u015bleli\u015bmy nad tym, co da\u0107 na \u015awi\u0119ta <a href=\"https:\/\/www.thormontagen.de\/pl\/specjalisci\/\">1000 naszych monter\u00f3w.<\/a> W ko\u0144cu nas ol\u015bni\u0142o. Mi\u0142a w dotyku bluza THOR<span class=\"sup\">\u00ae<\/span> oraz czapka THOR<span class=\"sup\">\u00ae<\/span> b\u0119d\u0105 jak ula\u0142 na mrozy. Do paczki w\u0142o\u017cyli\u015bmy te\u017c bombk\u0119 na choink\u0119 w klasycznej bieli z dodatkiem z\u0142ota i logo naszej firmy. Nie zabrak\u0142o te\u017c kartki z \u017cyczeniami od osobistego dysponenta. Przy otwieraniu paczek, w r\u0119ce naszych THORian wpad\u0142a ulotka. Na pewno rozbawi\u0142a ona niejednego z naszych fachowc\u00f3w. W ulotce zaprosili\u015bmy do udzia\u0142u w konkursie THOR<span class=\"sup\">\u00ae<\/span>-Fotochallenge.<\/p>\n<p style=\"text-align: justify;\">Do 31 grudnia 2017 roku nasi monterzy mogli wzi\u0105\u0107 udzia\u0142 w konkursie z nagrodami na Facebooku. Nale\u017ca\u0142o zrobi\u0107 sobie selfie z prezentem na Gwiazdk\u0119 od THOR<span class=\"sup\">\u00ae<\/span>. Nast\u0119pnie, doda\u0107 je na nasz profil. O wygranej zdecydowali facebookowicze. A dok\u0142adniej, liczba lajk\u00f3w. Zdj\u0119cie z najwi\u0119ksz\u0105 ich liczb\u0105, nagrodzili\u015bmy paczk\u0105-niespodziank\u0105.<\/p>\n<p>[\/vc_column_text]<h2 class=\"headline font-inherit fontsize-inherit fontweight-inherit lh-inherit align-left transform-inherit \" style=\"margin: 0 0 20px 0;\">Suma 23 uczestnik\u00f3w i 1593 lajk\u00f3w. Kreatywno\u015b\u0107, kt\u00f3rej nie da si\u0119 policzy\u0107.<\/h2>[vc_column_text]<\/p>\n<p style=\"text-align: justify;\">Razem<strong> 23<\/strong> uczestnik\u00f3w oraz <strong>1593<\/strong> lajk\u00f3w<strong>.<\/strong> Tak przebieg\u0142 nasz konkurs z nagrodami 2017. Go\u0142e liczby, za kt\u00f3rymi stoi o wiele wi\u0119cej. Konkurs ods\u0142oni\u0142 kreatywno\u015b\u0107, zwi\u0105zanie si\u0119 z firm\u0105, oraz zaufanie.<\/p>\n<p style=\"text-align: justify;\">A jak ju\u017c przy ods\u0142onie jeste\u015bmy&#8230; Du\u017co cia\u0142a pokazali w konkursie nasi monterzy instalacji grzewczych i sanitarnych, Christian Meister i Daniel Brand. Dla wygranej, od\u0142o\u017cyli na bok nie\u015bmia\u0142o\u015b\u0107 i pokazali si\u0119 w skarpetkach, majtkach, bluzach THOR<span class=\"sup\">\u00ae<\/span> oraz pasuj\u0105cych do ca\u0142o\u015bci czapkach.<\/p>\n<p style=\"text-align: justify;\">W tle by\u0142a oczywi\u015bcie nasza bombka choinkowa THOR<span class=\"sup\">\u00ae<\/span>. T\u0119 odwag\u0119 docenili u\u017cytkownicy Facebooka, zasypuj\u0105c zdj\u0119cie lajkami. \u201eZaw\u0142adn\u0105 tym konkursem\u201d, tak wydawa\u0142o si\u0119 na pocz\u0105tku. A\u017c do czasu, gdy Norbert Linder do\u0142\u0105czy\u0142 do wy\u015bcigu. Do zdj\u0119cia zaprosi\u0142 swoj\u0105 partnerk\u0119. Oboje zapozowali do selfie przed choink\u0105. Otoczeni byli nowszymi i starszymi gad\u017cetami THOR<span class=\"sup\">\u00ae<\/span>. Tym zdobyli mas\u0119 polubie\u0144. W kr\u00f3tkim czasie oba zdj\u0119cia zostawi\u0142y w tyle pozosta\u0142e selfie w naszym THOR-Fotochallenge. Liczba polubie\u0144 dobi\u0142a trzech cyfr.<\/p>\n<p style=\"text-align: justify;\">Fina\u0142: 1 stycznia 2018 policzyli\u015bmy lajki. By\u0142 to wy\u015bcig \u0142eb w \u0142eb. Na ko\u0144cu o wygranej przes\u0105dzi\u0142o 16 lajk\u00f3w.<\/p>\n<p>[\/vc_column_text]<div class=\"divider divider1\" style='margin:60px 0 60px 0 !important;'><\/div><h2 class=\"headline font-inherit fontsize-inherit fontweight-inherit lh-inherit align-left transform-inherit \" style=\"margin: 0 0 20px 0;\">Zdj\u0119cia wszystkich uczestnik\u00f3w konkursu<\/h2>[vc_column_text]<\/p>\n<p style=\"text-align: justify;\">Na zdj\u0119ciach by\u0142y dzieci, wnuki, a tak\u017ce ulubie\u0144cy na czterech \u0142apach. Do tego ciekawa poza i rymowane \u017cyczenia na \u015awi\u0119ta. Nasi monterzy byli bardzo kreatywni. Poni\u017cej znajd\u0105 Pa\u0144stwo wszystkie zdj\u0119cia w konkursie. Posty mo\u017cna r\u00f3wnie\u017c odszuka\u0107 <a href=\"https:\/\/www.facebook.com\/ThorIndustriemontagen\/\" target=\"_blank\" rel=\"noopener\">na naszej stronie THOR na Facebooku.\u00a0<\/a> A dok\u0142adniej w zak\u0142adce \u201eposty odwiedzaj\u0105cych\u201d lub pod #THORxmas.<\/p>\n<p>[\/vc_column_text]<div class=\"gallery-style-2\"><\/div><div class=\"divider divider8\" style='margin:60px 0 60px 0 !important;'><div class=\"divider-icon\"><i class=\"fa sl-info\"><\/i><\/div><\/div>[vc_column_text]<\/p>\n<p style=\"text-align: justify;\">THOR<span class=\"sup\">\u00ae<\/span> to firma monta\u017cu przemys\u0142owego z Turyngii. Zosta\u0142a <a href=\"https:\/\/www.thormontagen.de\/pl\/o-firmie-thor\/\">za\u0142o\u017cona przez Kerstena Thora<\/a>. Mieszkaniec regionu Eichsfeld sam pracowa\u0142 jako monter ogrzewania w firmach pracy tymczasowej. Zapragn\u0105\u0142 jednak zmieni\u0107 co\u015b w sytuacji, jaka panowa\u0142a w tej bran\u017cy. P<span class=\"st\">oj\u0105\u0142 decyzj\u0119 o w\u0142asnej firmie i w 1998 roku za\u0142o\u017cy\u0142 THOR Industriemontagen. Nasza firma specjalizuje si\u0119 w instalacjach technicznych w budynkach. Obecnie THOR<span class=\"sup\">\u00ae<\/span>zatrudnia ponad 1000 pracownik\u00f3w. S\u0105 to fachowcy w rzemio\u015ble oraz pracownicy biurowi w naszych <a href=\"https:\/\/www.thormontagen.de\/pl\/o-firmie-thor\/oddzialy\/\">pi\u0119ciu oddzia\u0142ach.<\/a> Nasi monterzy pracuj\u0105 na placach budowy w ca\u0142ych Niemczech. S\u0105 wyposa\u017ceni w auta s\u0142u\u017cbowe z kartami na paliwo oraz projesjonalne narz\u0119dzia i sprz\u0119t. Dodatkowo, nasi fachowcy otrzymuj\u0105 <a href=\"https:\/\/www.thormontagen.de\/pl\/praca\/montaz\/\">obszerny pakiet pracowniczy THOR<span class=\"sup\">\u00ae<\/span>. Sk\u0142ada si\u0119 on, mi\u0119dzy innymi, ze statusu pacjenta prywatnego oraz nagr\u00f3d specjalnych.<\/a><\/span><\/p>\n<p>[\/vc_column_text][\/vc_column][\/vc_row][vc_row][vc_column][vc_column_text][\/vc_column_text][\/vc_column][\/vc_row]<\/p>\n<\/div>","protected":false},"excerpt":{"rendered":"<p>[vc_row][vc_column width=&#8221;1\/1&#8243;][vc_column_text] Mi\u0119dzy \u015awi\u0119tami 2017 zaprosili\u015bmy naszych THORian do konkursu na najlepsz\u0105 fotk\u0119. Za zadanie mieli doda\u0107 na naszym Facebooku selfie z prezentem na \u2026<\/p>\n","protected":false},"author":8,"featured_media":1002,"comment_status":"closed","ping_status":"closed","sticky":false,"template":"","format":"standard","meta":{"_acf_changed":false,"inline_featured_image":false,"footnotes":""},"categories":[9,103],"tags":[63,69,55,64],"class_list":["post-2175","post","type-post","status-publish","format-standard","hentry","category-bez-kategorii","category-ogolne","tag-monterzy","tag-swieta-w-thor","tag-thorxmas","tag-uczniowie-zawodu-thor"],"acf":[],"_links":{"self":[{"href":"https:\/\/www.thormontagen.de\/pl\/wp-json\/wp\/v2\/posts\/2175","targetHints":{"allow":["GET"]}}],"collection":[{"href":"https:\/\/www.thormontagen.de\/pl\/wp-json\/wp\/v2\/posts"}],"about":[{"href":"https:\/\/www.thormontagen.de\/pl\/wp-json\/wp\/v2\/types\/post"}],"author":[{"embeddable":true,"href":"https:\/\/www.thormontagen.de\/pl\/wp-json\/wp\/v2\/users\/8"}],"replies":[{"embeddable":true,"href":"https:\/\/www.thormontagen.de\/pl\/wp-json\/wp\/v2\/comments?post=2175"}],"version-history":[{"count":0,"href":"https:\/\/www.thormontagen.de\/pl\/wp-json\/wp\/v2\/posts\/2175\/revisions"}],"wp:featuredmedia":[{"embeddable":true,"href":"https:\/\/www.thormontagen.de\/pl\/wp-json\/wp\/v2\/media\/1002"}],"wp:attachment":[{"href":"https:\/\/www.thormontagen.de\/pl\/wp-json\/wp\/v2\/media?parent=2175"}],"wp:term":[{"taxonomy":"category","embeddable":true,"href":"https:\/\/www.thormontagen.de\/pl\/wp-json\/wp\/v2\/categories?post=2175"},{"taxonomy":"post_tag","embeddable":true,"href":"https:\/\/www.thormontagen.de\/pl\/wp-json\/wp\/v2\/tags?post=2175"}],"curies":[{"name":"wp","href":"https:\/\/api.w.org\/{rel}","templated":true}]}}