{"id":2181,"date":"2017-08-28T10:59:05","date_gmt":"2017-08-28T10:59:05","guid":{"rendered":"https:\/\/www.thormontagen.de\/2017\/08\/28\/thor-lehrlinge-nun-auch-ersthelfer\/"},"modified":"2017-08-28T10:59:05","modified_gmt":"2017-08-28T10:59:05","slug":"thor-lehrlinge-nun-auch-ersthelfer","status":"publish","type":"post","link":"https:\/\/www.thormontagen.de\/pl\/blog\/thor-lehrlinge-nun-auch-ersthelfer\/","title":{"rendered":"Uczniowie THOR gotowi do udzielania pierwszej pomocy"},"content":{"rendered":"<div class=\"wpb-content-wrapper\"><p>[vc_row][vc_column width=&#8221;1\/1&#8243;][vc_row_inner][vc_column_inner][vc_column_text]Uczniowie THOR<span class=\"sup\">\u00ae wzi\u0119li<\/span> udzia\u0142 w kursie pierwszej pomocy. Kurs odby\u0142 si\u0119 w <a href=\"https:\/\/www.thormontagen.de\/pl\/praca\/thor-akademie\/\">Akademii THOR<span class=\"sup\">\u00ae<\/span> w Menterodzie.<\/a> Uczestnicy mog\u0105 od teraz udziela\u0107 pierwszej pomocy i wiedz\u0105, co zrobi\u0107 najpierw. Na pytanie dlaczego to tak wa\u017cne, odpowiadamy tutaj.[\/vc_column_text]<h1 class=\"headline font-inherit fontsize-inherit fontweight-inherit lh-inherit align-left transform-inherit \" style=\"margin: 0 0 20px 0;\">Czerwony Krzy\u017c uwra\u017cliwia uczni\u00f3w THOR<span class=\"sup\">\u00ae<\/span>&#8211; na wypadki w \u017cyciu codziennym i na budowie<\/h1>[\/vc_column_inner][\/vc_row_inner][vc_column_text]Jeszcze jeden szczebel do g\u00f3ry. Przy wchodzeniu na drabin\u0119, ze\u015blizguje si\u0119 stopa. Ju\u017c nic powstrzyma upadku. Kolega spada z kilku metr\u00f3w. Sytuacj\u0119 t\u0119 nakre\u015bla Jennifer Schwarz i pyta grup\u0119: \u201eCo robicie w takim przypadku? Jak reagujecie?\u201d. Jennifer Schwarz pracuje dla Niemieckiego Czerwonego Krzy\u017ca w M\u00fchlhausen. Prowadzi kurs pierwszej pomocy, w kt\u00f3rym bior\u0105 udzia\u0142 niekt\u00f3rzy z uczni\u00f3w zawodu pierwszego i drugiego roku oraz ich instruktor, Jens Busch.<\/p>\n<p>Instruktorka t\u0142umaczy: <strong>\u201eTo wa\u017cne \u017ceby wiedzie\u0107, jak reagowa\u0107 i co robi\u0107 podczas wypadk\u00f3w. Zw\u0142aszcza wypadk\u00f3w w pracy\u201d<\/strong>. To zdanie podziela Christina B\u00e4the, kierownicza dzia\u0142u kszta\u0142cenia w THOR Industriemontagen. Ju\u017c od kilku lat sama jest ratowniczk\u0105 w firmie. Teraz podopieczni id\u0105 w jej \u015blady. Mie\u0107 ratownik\u00f3w w\u015br\u00f3d uczni\u00f3w ma dla niej ogromne znaczenie. Dla wielu kurs przyda si\u0119 w przysz\u0142o\u015bci lub aktualnie, np. podczas ubiegania si\u0119 o prawo jazdy.[\/vc_column_text]<h1 class=\"headline font-inherit fontsize-inherit fontweight-inherit lh-inherit align-left transform-inherit \" style=\"margin: 0 0 20px 0;\">Banda\u017cowanie, pozycja boczna ustalona, resuscytacja kr\u0105\u017ceniowo-oddechowa<\/h1>[vc_row_inner][vc_column_inner width=&#8221;1\/2&#8243;][minti_image img=&#8221;17857&#8243; lightbox=&#8221;1&#8243;][\/vc_column_inner][vc_column_inner width=&#8221;1\/2&#8243;][vc_column_text]Podczas kursu pierwszej pomocy w Akademii THOR<span class=\"sup\">\u00ae<\/span> w Menterodzie, Jennifer Schwarz \u0142\u0105czy teori\u0119 z praktyk\u0105 \u017cycia codziennego i pracy. Zdobyt\u0105 wiedz\u0119 mo\u017cna wi\u0119c odnie\u015b\u0107 do realnych systuacji. Wed\u0142ug niej, samym m\u00f3wieniem nic si\u0119 jednak nie zdzia\u0142a. \u201eTrzeba samemu spr\u00f3bowa\u0107 w praktyce\u201d dodaje. Rada wzi\u0119ta do serca. Uczestnicy mogli wcieli\u0107 si\u0119 w role poszkodowanego oraz ratownika.[\/vc_column_text]<div class=\"spacer\" style=\"height: 5px;\"><\/div>[\/vc_column_inner][\/vc_row_inner][vc_column_text]Pozycja boczna ustalona, resuscytacja kr\u0105\u017ceniowo-oddechowa, poprawne opatrywanie ran oraz obchodzenie si\u0119 z wypadkami w pracy. To wszystkie elementy kursu pierwszej pomocy. W ramach nauki resuscytacji, Jennifer Schwarz zaznajomi\u0142a uczni\u00f3w zawodu z defibrylatorem i masa\u017cem serca wykonanym na \u201eHugo\u201d, manekinie do \u0107wicze\u0144. \u201eWielu ludzi boi si\u0119 u\u017cywa\u0107 defibrylatora\u201d, wyja\u015bnia. Wa\u017cne jest, aby pokaza\u0107 ludziom jak on dzia\u0142a. Wtedy w sytuacji kryzysowej, nie ma w\u0105tpliwo\u015bci. Defibrylator sam g\u0142osowo informuje o krokach dzia\u0142ania. Nie trzeba zatem podczas wypadku czyta\u0107 instrukcji\u201d.<\/p>\n<p><strong>Pierwsza pomoc zaczyna si\u0119 podczas dodawania odwagi i pocieszania. <\/strong>\u201eZraniona osoba potrzebuje zaufania osoby, kt\u00f3ra udziela pomocy. Osoba ta, powinna pozosta\u0107 spokojna i nie sia\u0107 strachu\u201d, wyja\u015bnia pracowniczka Czerwonego Krzy\u017ca. Tym samym doda\u0142a odwagi uczniom zawodu w THOR<span class=\"sup\">\u00ae<\/span>.[\/vc_column_text]<div class=\"gallery-style-2\"><\/div><div class=\"spacer\" style=\"height: 40px;\"><\/div><h1 class=\"headline font-inherit fontsize-inherit fontweight-inherit lh-inherit align-left transform-inherit \" style=\"margin: 0 0 20px 0;\">Wskaz\u00f3wka od specjalisty: na co zwraca\u0107 uwag\u0119, dzwoni\u0105c po s\u0142u\u017cby ratownicze?<\/h1>[vc_column_text]Podczas kursu pierwszej pomocy, instruktorka podzieli\u0142a si\u0119 cennymi informacjami o telefonach alarmowych. A oto o czym nale\u017cy pami\u0119ta\u0107, podczas rozmowy z numerem alarmowym 112:<\/p>\n<p>Na pocz\u0105tku rozmowy nale\u017cy si\u0119 przedstawi\u0107 i je\u015bli to mo\u017cliwe, poda\u0107 sw\u00f3j numer telefonu (w razie pyta\u0144 ze strony s\u0142u\u017cb ratowiczych). Nast\u0119pnie nale\u017cy udzieli\u0107 odpowiedzi na 5 wa\u017cnych pyta\u0144:<\/p>\n<p><strong>GDZIE? &#8211; <\/strong>Nale\u017cy z najwi\u0119ksz\u0105 mo\u017cliw\u0105 dok\u0142adno\u015bci\u0105 poda\u0107 miejsce, gdzie znajduje si\u0119 osoba udzielaj\u0105ca pomocy wraz z poszkodowan\u0105 osob\u0105(ami). Oznacza to: je\u015bli znajduj\u0105 si\u0119 one w wielopi\u0119trowym budynku, nale\u017cy powiedzie\u0107, o kt\u00f3re pi\u0119tro chodzi. Nale\u017cy r\u00f3wnie\u017c opisa\u0107 warunki na klatce schodowej. Te informacje pomog\u0105 s\u0142u\u017cbom przygotowa\u0107 odpowiedni sprz\u0119t.<\/p>\n<p><strong>CO? &#8211; <\/strong>Nale\u017cy powiedzie\u0107 co dok\u0142adnie si\u0119 sta\u0142o.<\/p>\n<p><strong>ILE? &#8211; <\/strong>Ile os\u00f3b jest rannych i ilu potrzebna jest (natychmiastowa) pomoc lekarska?<strong><br \/>\n<\/strong><\/p>\n<p><strong>JAKIE? &#8211; <\/strong>O jakie obra\u017cenia chodzi, tj. jaka pomoc jest potrzebna? Nale\u017cy opisa\u0107 wszystko, co zauwa\u017cymy. <strong><br \/>\n<\/strong><\/p>\n<p><strong>CZEKA\u0106! &#8211; <\/strong>Nale\u017cy czeka\u0107 na ewentualne pytania ze strony osoby przyjmuj\u0105cej zg\u0142oszenie. W \u017cadnym wypadku nie wolno urywa\u0107 nagle po\u0142\u0105czenia. Nale\u017cy czeka\u0107, a\u017c osoba z centrali zako\u0144czy po\u0142\u0105czenie. <strong><br \/>\n<\/strong>[\/vc_column_text]<div class=\"divider divider8\" style='margin:60px 0 60px 0 !important;'><div class=\"divider-icon\"><i class=\"fa sl-info\"><\/i><\/div><\/div>[vc_column_text]THOR<span class=\"sup\">\u00ae <\/span>to firma oferuj\u0105c\u0105 monta\u017c przemys\u0142owy. Za\u0142o\u017cona zosta\u0142a przez <a href=\"https:\/\/www.thormontagen.de\/pl\/o-firmie-thor\/\">Kerstena Thora w 1998 roku<\/a> w Turyngii. THOR<span class=\"sup\">\u00ae<\/span> skupia si\u0119<a href=\"https:\/\/www.thormontagen.de\/pl\/specjalisci\/\"> na technice instalacyjnej dla dom\u00f3w i budynk\u00f3w u\u017cytkowych<\/a>. Kadra fachowc\u00f3w wspiera klient\u00f3w na terenie ca\u0142ych Niemiec. Pracuj\u0105 oni na <a href=\"https:\/\/www.thormontagen.de\/pl\/specjalisci\/nasze-referencje\/\">wielkich i mniejszych projektach budowlanych.<\/a>\u00a0Opr\u00f3cz <a href=\"https:\/\/www.thormontagen.de\/pl\/praca\/\">zatrudniania wykwalifikowanej kadry<\/a>, THOR<span class=\"sup\">\u00ae<\/span> kszta\u0142ci <a href=\"https:\/\/www.thormontagen.de\/pl\/praca\/szkolenie-przyszlosc\/\">w\u0142asn\u0105 kadr\u0119 przysz\u0142o\u015bci<\/a>. Aktualnie w THOR Industriemontagen pracuje ponad 1100 pracownik\u00f3w fachowych oraz biurowych. Chcia\u0142by\/aby Pan\/i zosta\u0107 THORianinem\/ THORiank\u0105? <a href=\"https:\/\/www.thormontagen.de\/pl\/praca\/\">Zach\u0119camy do zagl\u0105dania na nasz\u0105 stron\u0119 kariery i ofert pracy.<\/a>[\/vc_column_text][\/vc_column][\/vc_row]<\/p>\n<\/div>","protected":false},"excerpt":{"rendered":"<p>[vc_row][vc_column width=&#8221;1\/1&#8243;][vc_row_inner][vc_column_inner][vc_column_text]Uczniowie THOR\u00ae wzi\u0119li udzia\u0142 w kursie pierwszej pomocy. Kurs odby\u0142 si\u0119 w Akademii THOR\u00ae w Menterodzie. Uczestnicy mog\u0105 od teraz udziela\u0107 pierwszej pomocy \u2026<\/p>\n","protected":false},"author":8,"featured_media":768,"comment_status":"closed","ping_status":"closed","sticky":false,"template":"","format":"standard","meta":{"_acf_changed":false,"inline_featured_image":false,"footnotes":""},"categories":[78,9],"tags":[62,80,64,65],"class_list":["post-2181","post","type-post","status-publish","format-standard","hentry","category-akademia-thor","category-bez-kategorii","tag-ksztalcenie","tag-siedziba-menteroda","tag-uczniowie-zawodu-thor","tag-zdrowie"],"acf":[],"_links":{"self":[{"href":"https:\/\/www.thormontagen.de\/pl\/wp-json\/wp\/v2\/posts\/2181","targetHints":{"allow":["GET"]}}],"collection":[{"href":"https:\/\/www.thormontagen.de\/pl\/wp-json\/wp\/v2\/posts"}],"about":[{"href":"https:\/\/www.thormontagen.de\/pl\/wp-json\/wp\/v2\/types\/post"}],"author":[{"embeddable":true,"href":"https:\/\/www.thormontagen.de\/pl\/wp-json\/wp\/v2\/users\/8"}],"replies":[{"embeddable":true,"href":"https:\/\/www.thormontagen.de\/pl\/wp-json\/wp\/v2\/comments?post=2181"}],"version-history":[{"count":0,"href":"https:\/\/www.thormontagen.de\/pl\/wp-json\/wp\/v2\/posts\/2181\/revisions"}],"wp:featuredmedia":[{"embeddable":true,"href":"https:\/\/www.thormontagen.de\/pl\/wp-json\/wp\/v2\/media\/768"}],"wp:attachment":[{"href":"https:\/\/www.thormontagen.de\/pl\/wp-json\/wp\/v2\/media?parent=2181"}],"wp:term":[{"taxonomy":"category","embeddable":true,"href":"https:\/\/www.thormontagen.de\/pl\/wp-json\/wp\/v2\/categories?post=2181"},{"taxonomy":"post_tag","embeddable":true,"href":"https:\/\/www.thormontagen.de\/pl\/wp-json\/wp\/v2\/tags?post=2181"}],"curies":[{"name":"wp","href":"https:\/\/api.w.org\/{rel}","templated":true}]}}