{"id":2193,"date":"2019-07-05T06:47:09","date_gmt":"2019-07-05T06:47:09","guid":{"rendered":"https:\/\/www.thormontagen.de\/2019\/07\/05\/wydarzenie-dla-monterow\/"},"modified":"2019-07-05T06:47:09","modified_gmt":"2019-07-05T06:47:09","slug":"wydarzenie-dla-monterow","status":"publish","type":"post","link":"https:\/\/www.thormontagen.de\/pl\/blog\/wydarzenie-dla-monterow\/","title":{"rendered":"Bohaterowie w Menterodzie"},"content":{"rendered":"<div class=\"wpb-content-wrapper\"><p>[vc_row][vc_column width=&#8221;1\/1&#8243;][vc_column_text]<\/p>\n<p style=\"text-align: justify;\">Wydarzenie \u201e<a href=\"https:\/\/www.thormontagen.de\/2019\/06\/04\/tag-der-helden-menteroda\/\">Dzie\u0144 Bohater\u00f3w<\/a>\u201d zaznaczy\u0142o swoje miejsce w <a href=\"https:\/\/www.thormontagen.de\/pl\/o-firmie-thor\/\">hisTHORii<\/a>. Ten Dzie\u0144 to podzi\u0119kowanie dla naszych monter\u00f3w. Na wydarzenie przybyli oni bardzo licznie ze swoimi rodzinami, aby \u015bwi\u0119towa\u0107 wraz z pracownikami biurowymi. Zdj\u0119cia i filmy wyra\u017caj\u0105 jednak wi\u0119cej ni\u017c 1000 s\u0142\u00f3w. Zapraszamy wi\u0119c do przegl\u0105dania!<\/p>\n<p>[\/vc_column_text]<div class=\"divider divider6\" style='margin:60px 0 60px 0 !important;'><\/div><h1 class=\"headline font-inherit fontsize-inherit fontweight-inherit lh-inherit align-left transform-inherit \" style=\"margin: 0 0 20px 0;\">Dzie\u0144, kt\u00f3ry przechodzi do hisTHORii<\/h1>[vc_column_text]<\/p>\n<p style=\"text-align: justify;\">S\u0142o\u0144ce. U\u015bmiechni\u0119te twarze. Program wype\u0142niony po brzegi. I to dla ca\u0142ej rodziny! Nasz \u201eDzie\u0144 Bohater\u00f3w\u201d z pewno\u015bci\u0105 zapad\u0142 w pami\u0119\u0107.<\/p>\n<ul>\n<li>Raj zabaw dla dzieci<\/li>\n<li>Food Street<\/li>\n<li>Muzyka na \u017cywo<\/li>\n<li>Oprowadzanie po Akademii THOR<span class=\"sup\">\u00ae<\/span><\/li>\n<li>Wyst\u0119py artyst\u00f3w (stowarzyszenia regionalne)<\/li>\n<li>Losowanie z nagrodami (kupony na tankowanie, zestaw narz\u0119dzi Makita, radio na budow\u0119 Makita, luksusowa wycieczka na Kanary)<\/li>\n<li>Przeci\u0105ganie liny z wielkim pucharem przechodnim THOR<span class=\"sup\">\u00ae<\/span><\/li>\n<li>Premiera <a href=\"https:\/\/www.youtube.com\/watch?v=jajwn8omqNM&amp;feature=youtu.be&amp;app=desktop\" target=\"_blank\" rel=\"noopener\">filmu o bohaterach THOR<span class=\"sup\">\u00ae<\/span><\/a><\/li>\n<li>\u015acianka do zdj\u0119\u0107 VIP dla bohater\u00f3w<\/li>\n<li>Olimpiada THOR<span class=\"sup\">\u00ae<\/span><\/li>\n<li>Czas na rozmowy z kolegami oraz zarz\u0105dzaj\u0105cymi firm\u0105<\/li>\n<\/ul>\n<p>[\/vc_column_text]<h1 class=\"headline font-inherit fontsize-inherit fontweight-inherit lh-inherit align-left transform-inherit \" style=\"margin: 0 0 20px 0;\">\u201eDzie\u0144 Bohater\u00f3w\u201d (niem. \u201eTag der Helden\u201d) na ruchomych zdj\u0119ciach:<\/h1>[minti_video]https:\/\/youtu.be\/GYwutPukIU8[\/minti_video]<h1 class=\"headline font-inherit fontsize-inherit fontweight-inherit lh-inherit align-left transform-inherit \" style=\"margin: 0 0 20px 0;\">Fotorelacja z \u201eDnia Bohater\u00f3w\u201d:<\/h1><div class=\"gallery-style-2\"><\/div><div class=\"divider divider8\" style='margin:60px 0 60px 0 !important;'><div class=\"divider-icon\"><i class=\"fa sl-info\"><\/i><\/div><\/div>[vc_column_text]THOR<span class=\"sup\">\u00ae<\/span> to\u00a0specjalista w <a href=\"https:\/\/www.thormontagen.de\/pl\/specjalisci\/\">instalacjach technicznych dla budynk\u00f3w<\/a>. Na rynku jest ju\u017c od kwietnia 1998 roku. Za\u0142o\u017cyciel firmy, Kersten Thor, r\u00f3wnie\u017c pochodzi z tej bran\u017cy. Jako wyuczony technik instalacji grzewczych, sam pracowa\u0142 na monta\u017cach. Dlatego m\u00f3g\u0142 pozna\u0107 na wylot realia i warunki takiej pracy. W rezultacie, zapragn\u0105\u0142 co\u015b zmieni\u0107. Jak postanowi\u0142, tak zrobi\u0142! Chc\u0105c zmian, za\u0142o\u017cy\u0142 w\u0142asne przedsi\u0119biorstwo \u2013 THOR Industriemontagen. Od jednoosobowej dzia\u0142alno\u015bci, do firmy\u00a0 o 1200 pracownikach, <a href=\"https:\/\/www.thormontagen.de\/pl\/o-firmie-thor\/oddzialy\/\">5 siedzibach<\/a> oraz 715 samochodach firmowych.<\/p>\n<p>A \u017ce <a href=\"https:\/\/www.thormontagen.de\/pl\/praca\/\">THORianie<\/a> s\u0105 dla niego tak wa\u017cni, dok\u0142ada wszelkich stara\u0144, aby wiod\u0142o im si\u0119 dobrze. Wida\u0107 to nie tylko w obszernym pakiecie pracowniczym THOR<span class=\"sup\">\u00ae<\/span>, ale tak\u017ce przez organizacj\u0119 \u201eDnia Bohater\u00f3w\u201d. Dzie\u0144 dla monter\u00f3w i ich rodzin \u2013 \u201edzi\u0119kuj\u0119\u201d p\u0142yn\u0105ce z serca![\/vc_column_text][\/vc_column][\/vc_row]<\/p>\n<\/div>","protected":false},"excerpt":{"rendered":"<p>[vc_row][vc_column width=&#8221;1\/1&#8243;][vc_column_text] Wydarzenie \u201eDzie\u0144 Bohater\u00f3w\u201d zaznaczy\u0142o swoje miejsce w hisTHORii. Ten Dzie\u0144 to podzi\u0119kowanie dla naszych monter\u00f3w. Na wydarzenie przybyli oni bardzo licznie ze \u2026<\/p>\n","protected":false},"author":8,"featured_media":1240,"comment_status":"closed","ping_status":"closed","sticky":false,"template":"","format":"standard","meta":{"_acf_changed":false,"inline_featured_image":false,"footnotes":""},"categories":[9,68,71],"tags":[50,63,73,88],"class_list":["post-2193","post","type-post","status-publish","format-standard","hentry","category-bez-kategorii","category-z-zycia-firmy","category-zaangazowanie-spoleczne","tag-kersten-thor","tag-monterzy","tag-pakiet-pracowniczy","tag-siedziba-w-menterodzie"],"acf":[],"_links":{"self":[{"href":"https:\/\/www.thormontagen.de\/pl\/wp-json\/wp\/v2\/posts\/2193","targetHints":{"allow":["GET"]}}],"collection":[{"href":"https:\/\/www.thormontagen.de\/pl\/wp-json\/wp\/v2\/posts"}],"about":[{"href":"https:\/\/www.thormontagen.de\/pl\/wp-json\/wp\/v2\/types\/post"}],"author":[{"embeddable":true,"href":"https:\/\/www.thormontagen.de\/pl\/wp-json\/wp\/v2\/users\/8"}],"replies":[{"embeddable":true,"href":"https:\/\/www.thormontagen.de\/pl\/wp-json\/wp\/v2\/comments?post=2193"}],"version-history":[{"count":0,"href":"https:\/\/www.thormontagen.de\/pl\/wp-json\/wp\/v2\/posts\/2193\/revisions"}],"wp:featuredmedia":[{"embeddable":true,"href":"https:\/\/www.thormontagen.de\/pl\/wp-json\/wp\/v2\/media\/1240"}],"wp:attachment":[{"href":"https:\/\/www.thormontagen.de\/pl\/wp-json\/wp\/v2\/media?parent=2193"}],"wp:term":[{"taxonomy":"category","embeddable":true,"href":"https:\/\/www.thormontagen.de\/pl\/wp-json\/wp\/v2\/categories?post=2193"},{"taxonomy":"post_tag","embeddable":true,"href":"https:\/\/www.thormontagen.de\/pl\/wp-json\/wp\/v2\/tags?post=2193"}],"curies":[{"name":"wp","href":"https:\/\/api.w.org\/{rel}","templated":true}]}}