{"id":2194,"date":"2019-07-15T13:55:33","date_gmt":"2019-07-15T13:55:33","guid":{"rendered":"https:\/\/www.thormontagen.de\/2019\/07\/15\/zawody-konne-thor-wspiera-grupe-z-eichsfeld\/"},"modified":"2019-07-15T13:55:33","modified_gmt":"2019-07-15T13:55:33","slug":"zawody-konne-thor-wspiera-grupe-z-eichsfeld","status":"publish","type":"post","link":"https:\/\/www.thormontagen.de\/pl\/blog\/zawody-konne-thor-wspiera-grupe-z-eichsfeld\/","title":{"rendered":"Zawody je\u017adzieckie: THOR wspiera grup\u0119 z Eichsfeld"},"content":{"rendered":"<div class=\"wpb-content-wrapper\"><p>[vc_row][vc_column][vc_column_text]<\/p>\n<p style=\"text-align: justify;\">[\/vc_column_text][\/vc_column][\/vc_row][vc_row][vc_column width=&#8221;1\/1&#8243;][vc_column_text]<\/p>\n<p style=\"text-align: justify;\">Na prze\u0142omie czerwca i lipca oby\u0142 si\u0119 \u201e4 Tydzie\u0144 konny w Eichsfeld\u201d. Z okazji turnieju, mi\u0142o\u015bnicy koni z Eichsfeld i okolic przybyli do Uder. THOR<span class=\"sup\">\u00ae<\/span> by\u0142 jednym ze sponsor\u00f3w. Pojawi\u0142 si\u0119 r\u00f3wnie\u017c na miejscu, aby dopingowa\u0107 zawodnik\u00f3w.<\/p>\n<p>[\/vc_column_text]<div class=\"divider divider6\" style='margin:60px 0 60px 0 !important;'><\/div><h2 class=\"headline font-inherit fontsize-inherit fontweight-inherit lh-inherit align-left transform-inherit \" style=\"margin: 0 0 20px 0;\">THOR sponsoruje turniej konny w Uder<\/h2>[vc_column_text]<\/p>\n<p style=\"text-align: justify;\">Uje\u017cd\u017cenie i skoki. To wok\u00f3\u0142 tego skupia\u0142 si\u0119 \u201e4 Tydzie\u0144 konny&#8221; w Eichsfeld. Turniej trwa\u0142 w sumie dwa weekendy. Odby\u0142 si\u0119 w stadninie <a href=\"https:\/\/www.facebook.com\/reiterhofkobolduder\/\" target=\"_blank\" rel=\"noopener\">Kobold w Uder<\/a>.<\/p>\n<p style=\"text-align: justify;\">Ostatni tydzie\u0144 czerwca sta\u0142 pod znakiem uje\u017cd\u017cania i jazdy rekreacyjnej. W programie by\u0142y: kwalifikacje do Mistrzostw krajowych DFB, klasy uje\u017cd\u017cenia E do S i Mistrzostwa krajowe Turyngii (klasyfikacja \u0142\u0105czona).<\/p>\n<p style=\"text-align: justify;\">Pierwszy weekend lipca by\u0142 za to gratk\u0105 dla fan\u00f3w skok\u00f3w. Odyby\u0142y si\u0119: skoki grupowe reprezentant\u00f3w land\u00f3w, zawody w skokach klasy S, \u201eNoc koni\u201d z muzyk\u0105 na \u017cywo, a tak\u017ce \u201eNagroda g\u0142\u00f3wna\u201d zawod\u00f3w klasy S z rund\u0105 zwyci\u0119zc\u00f3w.<\/p>\n<p style=\"text-align: justify;\">THOR<span class=\"sup\">\u00ae<\/span> wspar\u0142 przede wszystkim \u201eNagrod\u0119 g\u0142\u00f3wn\u0105\u201d w klasie S. W\u015br\u00f3d zawodnik\u00f3w byli znani sportowcy.<\/p>\n<p style=\"text-align: justify;\">\u201eW turnieju skok\u00f3w klasy S z rund\u0105 zwyci\u0119zc\u00f3w zawodnicy walcz\u0105 ju\u017c trzeci raz o puchar przechodni imienia Rolanda B\u00f6duela. Nagrod\u0119 t\u0119 nazwano w podzi\u0119ce za jego zas\u0142ugi w szerzeniu i wspieraniu je\u017adziectwa w regionie,\u201d wyja\u015bnia organizator.<\/p>\n<p>[\/vc_column_text][vc_gallery type=&#8221;image_grid&#8221; images=&#8221;25588,25594,25597,25600,25603,25607,25610,25613,25616,25619,25622,25625,25629,25632,25635,25638,25641&#8243; img_size=&#8221;180&#215;180&#8243;]<h2 class=\"headline font-inherit fontsize-inherit fontweight-inherit lh-inherit align-left transform-inherit \" style=\"margin: 0 0 20px 0;\">Sponsoring stowarzysze\u0144 dla THORian to cz\u0119\u015b\u0107 pakietu od THOR<\/h2>[vc_column_text]<\/p>\n<p style=\"text-align: justify;\">Sponsoring stowarzysze\u0144 to cz\u0119\u015b\u0107 <a href=\"https:\/\/www.thormontagen.de\/pl\/praca\/\">pakietu pracowniczego THOR<\/a>. THORianie mog\u0105 wspiera\u0107 swoje stowarzyszenia zar\u00f3wno finansowo, jak i rzeczowo. Do tej pory wsparcie od nas otrzyma\u0142o ju\u017c ponad sto stowarzysze\u0144. By\u0142y to g\u0142\u00f3wnie stowarzyszenia sportowe. Nale\u017c\u0105 do nich monterzy i pracownicy biurowi THOR.<\/p>\n<p style=\"text-align: justify;\">Sponsoring stowarzysze\u0144 THOR dzia\u0142a ju\u017c od 2015 roku. Co sezon rusza nowa runda programu.<\/p>\n<p>[\/vc_column_text]<div class=\"divider divider8\" style='margin:60px 0 60px 0 !important;'><div class=\"divider-icon\"><i class=\"fa sl-info\"><\/i><\/div><\/div>[vc_column_text]<\/p>\n<p style=\"text-align: justify;\">THOR<span class=\"sup\">\u00ae<\/span> od 1998 roku dzia\u0142a w bran\u017cy instalacji technicznych w budynkach. W firmie pracuje ju\u017c ponad 1100 THORian. Nasi fachowcy pracuj\u0105 na budowach u naszych klient\u00f3w w ca\u0142ych Niemczech. Pracownicy biurowi z<a href=\"https:\/\/www.thormontagen.de\/pl\/o-firmie-thor\/oddzialy\/\"> pi\u0119ciu siedzib THOR<span class=\"sup\">\u00ae<\/span><\/a> troszcz\u0105 si\u0119 o ca\u0142\u0105 organizacj\u0119 i logistyk\u0119.<\/p>\n<p>[\/vc_column_text][\/vc_column][\/vc_row][vc_row][vc_column][vc_column_text]<\/p>\n<p>[\/vc_column_text][\/vc_column][\/vc_row]<\/p>\n<\/div>","protected":false},"excerpt":{"rendered":"<p>[vc_row][vc_column][vc_column_text] [\/vc_column_text][\/vc_column][\/vc_row][vc_row][vc_column width=&#8221;1\/1&#8243;][vc_column_text] Na prze\u0142omie czerwca i lipca oby\u0142 si\u0119 \u201e4 Tydzie\u0144 konny w Eichsfeld\u201d. Z okazji turnieju, mi\u0142o\u015bnicy koni z Eichsfeld i okolic \u2026<\/p>\n","protected":false},"author":8,"featured_media":1680,"comment_status":"closed","ping_status":"closed","sticky":false,"template":"","format":"standard","meta":{"_acf_changed":false,"inline_featured_image":false,"footnotes":""},"categories":[71],"tags":[],"class_list":["post-2194","post","type-post","status-publish","format-standard","hentry","category-zaangazowanie-spoleczne"],"acf":[],"_links":{"self":[{"href":"https:\/\/www.thormontagen.de\/pl\/wp-json\/wp\/v2\/posts\/2194","targetHints":{"allow":["GET"]}}],"collection":[{"href":"https:\/\/www.thormontagen.de\/pl\/wp-json\/wp\/v2\/posts"}],"about":[{"href":"https:\/\/www.thormontagen.de\/pl\/wp-json\/wp\/v2\/types\/post"}],"author":[{"embeddable":true,"href":"https:\/\/www.thormontagen.de\/pl\/wp-json\/wp\/v2\/users\/8"}],"replies":[{"embeddable":true,"href":"https:\/\/www.thormontagen.de\/pl\/wp-json\/wp\/v2\/comments?post=2194"}],"version-history":[{"count":0,"href":"https:\/\/www.thormontagen.de\/pl\/wp-json\/wp\/v2\/posts\/2194\/revisions"}],"wp:featuredmedia":[{"embeddable":true,"href":"https:\/\/www.thormontagen.de\/pl\/wp-json\/wp\/v2\/media\/1680"}],"wp:attachment":[{"href":"https:\/\/www.thormontagen.de\/pl\/wp-json\/wp\/v2\/media?parent=2194"}],"wp:term":[{"taxonomy":"category","embeddable":true,"href":"https:\/\/www.thormontagen.de\/pl\/wp-json\/wp\/v2\/categories?post=2194"},{"taxonomy":"post_tag","embeddable":true,"href":"https:\/\/www.thormontagen.de\/pl\/wp-json\/wp\/v2\/tags?post=2194"}],"curies":[{"name":"wp","href":"https:\/\/api.w.org\/{rel}","templated":true}]}}